{"id":205,"date":"2023-08-31T11:33:11","date_gmt":"2023-08-31T09:33:11","guid":{"rendered":"https:\/\/cachitoswp.com\/clientes-wtf\/?p=205"},"modified":"2023-08-31T11:39:38","modified_gmt":"2023-08-31T09:39:38","slug":"el-senor-de-las-alarmas-las-dos-torres","status":"publish","type":"post","link":"https:\/\/cachitoswp.com\/clientes-wtf\/el-senor-de-las-alarmas-las-dos-torres\/","title":{"rendered":"El Se\u00f1or de las alarmas: Las dos torres"},"content":{"rendered":"\n<p>Empec\u00e9 un proyecto de e-commerce con plantilla para una empresa local de venta e instalaci\u00f3n de alarmas dom\u00e9sticas en un municipio de Barcelona.<\/p>\n\n\n\n<p>El cliente nos proporcion\u00f3 para usar como imagen de \u00abportada\u00bb, una foto en la que se le ve\u00eda a \u00e9l, junto a una peque\u00f1a flota de 3 veh\u00edculos, y detr\u00e1s, hab\u00eda dos columnas de ladrillos que parec\u00edan una portal de acceso a un parque forestal o algo as\u00ed. Bonitas no eran.<\/p>\n\n\n\n<p>Por aquel entonces las webs no eran responsive, y la plantilla ten\u00eda una posici\u00f3n en la home para a\u00f1adir un slideshow muy apaisado.<\/p>\n\n\n\n<p>Como la foto que me dieron era 4\/3, recort\u00e9 la parte superior de la foto, ya que me pareci\u00f3 que carec\u00eda de inter\u00e9s la construcci\u00f3n que asomaba por arriba, quedando la imagen con el individuo y su flota, en formato rectangular, que es lo que me encajaba en aquel slider tan horizontal.<\/p>\n\n\n\n<p>El se\u00f1or en cuesti\u00f3n era un poco \u00abcromo\u00bb. Era un \u00abse\u00f1or mayor\u00bb, vestido con una camisa de cuadros metida por dentro del pantal\u00f3n, y la verdad que no daba impresi\u00f3n de ser gerente de una empresa de esas caracter\u00edsticas, s\u00f3lo las 3 furgonetas blancas con el logo de la empresa daban un poco el \u00abrollo\u00bb. Pero en fin, ya supon\u00edamos que era el tono \u00abcampechano\u00bb que quer\u00edan as\u00ed que, p\u2019alante.<\/p>\n\n\n\n<p>Despu\u00e9s, como era com\u00fan en la implementaci\u00f3n de estas tiendecillas online, pon\u00edamos 3 o 4 productos \u00abfake\u00bb m\u00e1s o menos en base a lo que vend\u00eda cada cliente. En este caso eran kits de autoinstalaci\u00f3n de alarmas dom\u00e9sticas. Lo normal era buscar estos productos en google y a\u00f1adirlos a modo de ejemplo, ya sab\u00e9is, 4 fichitas con t\u00edtulo, foto + precio y al menos en uno de los casos, la ficha un poco m\u00e1s \u00abllena\u00bb, para poder hacer \u00abdemo\u00bb de la p\u00e1gina de detalle con sus campos, variaciones, etc.<\/p>\n\n\n\n<p>En esto que estaba entregado y subido el tema, y yo estaba trabajando en el siguiente super e-commerce o cat\u00e1logo de turno, cuando oigo c\u00f3mo mi compa\u00f1ero comercial al parecer ten\u00eda una conversaci\u00f3n telef\u00f3nica con alguien que le estaba sacando de sus casillas. Cuando colg\u00f3 el tel\u00e9fono, me dijo:<\/p>\n\n\n\n<p>[Comercial] \u2013 <em>Buf, madre m\u00eda el abuelo de las alarmas\u2026 c\u00f3mo se ha puesto\u2026 Creo que no ha visto ni la web. \u00bfRecuerdas la foto que recortaste? Pues menuda matraca me ha dado con ella\u2026 resulta que \u00e9se lugar es un castillo muy conocido de su municipio\u2026<\/em>  <em>toda la conversac\u00edon era que si las torres, que si el castillo, que si no tenemos gracia ni sabemos de dise\u00f1o&#8230; pero es que ni siquiera hemos podido hablar del e-commerce \u00a1para \u00e9l s\u00f3lo exist\u00eda la foto!<\/em><\/p>\n\n\n\n<p>[Yo] &#8211; <em>Vale, hagamos una cosa. Le pondr\u00e9 la foto 4-3 entera sin recortar el castillo, y para evitar que sea muy alta, la pondr\u00e9 a un 66% de ancha, y a continuaci\u00f3n a\u00f1adir\u00e9 al lado un panel o banner con algun  \u00abclaim\u00bb de la misma altura con un 33% de ancho. <\/em><\/p>\n\n\n\n<p>[Comercial] &#8211; <em>S\u00ed, s\u00ed, d\u00e9jale la foto tal cual, ya hablar\u00e9 con \u00e9l otro d\u00eda que est\u00e9 m\u00e1s tranquilo.<\/em><\/p>\n\n\n\n<p>Dias despu\u00e9s, la siguiente llamada con el cliente:<\/p>\n\n\n\n<p>[Comercial] &#8211;<em> (&#8230;) y como ve, la foto de portada ya no sale recortada y&#8230;<\/em><\/p>\n\n\n\n<p>[Cliente]<em> &#8211; \u00a1Pero est\u00e1 muy chica! \u00a1Ahora por que la hab\u00e9is hecho tan peque\u00f1a<\/em>!<\/p>\n\n\n\n<p>[Comercial] <em>&#8211; Esto es importante, porque si la ponemos m\u00e1s grande y ancha, queda tan alta en pantalla, que no se ven de primeras los productos de debajo, cr\u00e9ame lo que le digo que es mejor as\u00ed.<\/em><\/p>\n\n\n\n<p>[Cliente] <em>&#8211; \u00a1Si son productos de la competencia! \u00a1Encima me ponen las alarmas de la competencia! \u00a1Primero, me estropean la foto del castillo, y ahora, me ponen alarmas que no son las m\u00edas!<\/em><\/p>\n\n\n\n<p>[Comercial] &#8211; [se le desencaja la cara] <em>&#8211; Se\u00f1or, nosotros NO sabemos cu\u00e1les son sus productos exactamente, estos los cogemos de otras p\u00e1ginas, para tenerlos a modo de ejemplo de c\u00f3mo quedar\u00edan los suyos. Los productos los tiene que a\u00f1adir usted \u00bfme entiende?<\/em><\/p>\n\n\n\n<p>[Cliente] [A lo suyo] <em>\u00a1Primero, me estropean la foto del castillo, y ahora, me ponen alarmas que no son las m\u00edas, me ponen las de la competencia! \u00a1Usted se est\u00e1 riendo de m\u00ed! \u00a1Ya me paso por su oficina pa&#8217; que me devuelvan el anticipo! <strong>\u00a1Despedidos!<\/strong><\/em><\/p>\n\n\n\n<p>A los pocos d\u00edas, se personific\u00f3 el se\u00f1or en la oficina tal como dijo. Ven\u00eda tranquilo, pero decidido a cancelar el proyecto. Le devolvieron el anticipo y se cancel\u00f3 el contrato, el e-commerce se archiv\u00f3 y \u00aba otra cosa, mariposa\u00bb.<\/p>\n\n\n\n<p>Lo m\u00e1s curioso de toda esta rocambolesca historia es que, cuando el se\u00f1or se present\u00f3 en el despacho, iba vestido ABSOLUTAMENTE IGUAL que en la foto maldita del \u00abcastillo\u00bb. Era como, si el abuelo de la camisa de cuadros, HUBIERA SALIDO DEL BANNER.<\/p>\n","protected":false},"excerpt":{"rendered":"<p>\u00a1Si son productos de la competencia! \u00a1Encima me ponen las alarmas de la competencia! \u00a1Primero, me estropean la foto del castillo, y ahora, me ponen alarmas que no son las m\u00edas!<\/p>\n","protected":false},"author":1,"featured_media":208,"comment_status":"open","ping_status":"open","sticky":false,"template":"","format":"standard","meta":{"_acf_changed":false,"footnotes":""},"categories":[1],"tags":[16,11,17,13,18,4],"class_list":["post-205","post","type-post","status-publish","format-standard","has-post-thumbnail","hentry","category-anecdotas","tag-e-commerce","tag-epic","tag-personajes","tag-retoque-fotos","tag-sliders","tag-web"],"acf":[],"_links":{"self":[{"href":"https:\/\/cachitoswp.com\/clientes-wtf\/wp-json\/wp\/v2\/posts\/205","targetHints":{"allow":["GET"]}}],"collection":[{"href":"https:\/\/cachitoswp.com\/clientes-wtf\/wp-json\/wp\/v2\/posts"}],"about":[{"href":"https:\/\/cachitoswp.com\/clientes-wtf\/wp-json\/wp\/v2\/types\/post"}],"author":[{"embeddable":true,"href":"https:\/\/cachitoswp.com\/clientes-wtf\/wp-json\/wp\/v2\/users\/1"}],"replies":[{"embeddable":true,"href":"https:\/\/cachitoswp.com\/clientes-wtf\/wp-json\/wp\/v2\/comments?post=205"}],"version-history":[{"count":9,"href":"https:\/\/cachitoswp.com\/clientes-wtf\/wp-json\/wp\/v2\/posts\/205\/revisions"}],"predecessor-version":[{"id":228,"href":"https:\/\/cachitoswp.com\/clientes-wtf\/wp-json\/wp\/v2\/posts\/205\/revisions\/228"}],"wp:featuredmedia":[{"embeddable":true,"href":"https:\/\/cachitoswp.com\/clientes-wtf\/wp-json\/wp\/v2\/media\/208"}],"wp:attachment":[{"href":"https:\/\/cachitoswp.com\/clientes-wtf\/wp-json\/wp\/v2\/media?parent=205"}],"wp:term":[{"taxonomy":"category","embeddable":true,"href":"https:\/\/cachitoswp.com\/clientes-wtf\/wp-json\/wp\/v2\/categories?post=205"},{"taxonomy":"post_tag","embeddable":true,"href":"https:\/\/cachitoswp.com\/clientes-wtf\/wp-json\/wp\/v2\/tags?post=205"}],"curies":[{"name":"wp","href":"https:\/\/api.w.org\/{rel}","templated":true}]}}